{"id":3230,"date":"2025-08-28T20:54:49","date_gmt":"2025-08-28T18:54:49","guid":{"rendered":"http:\/\/spwrzosowo.pl\/?p=3230"},"modified":"2025-08-28T20:54:49","modified_gmt":"2025-08-28T18:54:49","slug":"rozpoczecie-roku-szkolnego-2025-26-oddzialow-przedszkolnych","status":"publish","type":"post","link":"http:\/\/spwrzosowo.pl\/index.php\/2025\/08\/28\/rozpoczecie-roku-szkolnego-2025-26-oddzialow-przedszkolnych\/","title":{"rendered":"Rozpocz\u0119cie roku szkolnego 2025\/26 \u2013 oddzia\u0142\u00f3w przedszkolnych"},"content":{"rendered":"\n<p class=\"has-text-align-center\"><img decoding=\"async\" alt=\"\ud83d\udc4b\" src=\"https:\/\/fonts.gstatic.com\/s\/e\/notoemoji\/16.0\/1f44b\/72.png\"> Drodzy Rodzice!<\/p>\n\n\n\n<p class=\"has-text-align-center\"><img decoding=\"async\" alt=\"\ud83d\udce2\" src=\"https:\/\/fonts.gstatic.com\/s\/e\/notoemoji\/16.0\/1f4e2\/72.png\"> Rozpocz\u0119cie roku szkolnego 2025\/26 \u2013 oddzia\u0142\u00f3w przedszkolnych odb\u0119dzie si\u0119 1 wrze\u015bnia.<\/p>\n\n\n\n<p class=\"has-text-align-center\"><img decoding=\"async\" alt=\"\ud83d\udd58\" src=\"https:\/\/fonts.gstatic.com\/s\/e\/notoemoji\/16.0\/1f558\/72.png\"> 9:00 \u2013 Msza \u015bw. (dla ch\u0119tnych dzieci wraz z rodzicami).<\/p>\n\n\n\n<p class=\"has-text-align-center\"><img decoding=\"async\" alt=\"\ud83d\udd59\" src=\"https:\/\/fonts.gstatic.com\/s\/e\/notoemoji\/16.0\/1f559\/72.png\"> ok. 10:00 \u2013 uroczysty apel i kr\u00f3tka wizyta w salach.&nbsp;<\/p>\n\n\n\n<p class=\"has-text-align-center\">Grupa 3-4 latk\u00f3w nie uczestniczy w apelu. Pszcz\u00f3\u0142ki, zapraszamy na zaj\u0119cia i zabaw\u0119 w waszej sali.<\/p>\n\n\n\n<p class=\"has-text-align-center\"><img decoding=\"async\" alt=\"\ud83d\ude8c\" src=\"https:\/\/fonts.gstatic.com\/s\/e\/notoemoji\/16.0\/1f68c\/72.png\"> Przyjazd dzieci do szko\u0142y odbywa si\u0119 zgodnie z rozk\u0142adem jazdy podanym ju\u017c na stronie (tak jak dla dzieci szkolnych).<\/p>\n\n\n\n<p class=\"has-text-align-center\"><img decoding=\"async\" alt=\"\ud83d\ude8d\" src=\"https:\/\/fonts.gstatic.com\/s\/e\/notoemoji\/16.0\/1f68d\/72.png\"> Po apelu przewidziany jest odw\u00f3z dzieci autokarem<\/p>\n\n\n\n<p class=\"has-text-align-center\"><img decoding=\"async\" alt=\"\ud83d\udc76\" src=\"https:\/\/fonts.gstatic.com\/s\/e\/notoemoji\/16.0\/1f476\/72.png\"> Przedszkole czynne w sta\u0142ych godzinach \u2013 opieka zapewniona.<\/p>\n\n\n\n<figure class=\"wp-block-gallery has-nested-images columns-default is-cropped wp-block-gallery-1 is-layout-flex wp-block-gallery-is-layout-flex\">\n<figure class=\"wp-block-image size-large\"><img loading=\"lazy\" decoding=\"async\" width=\"1000\" height=\"1000\" data-id=\"3231\" src=\"http:\/\/spwrzosowo.pl\/wp-content\/uploads\/2025\/08\/Zdjecie-WhatsApp-2025-08-26-o-12.56.28_40cba3cb.jpg\" alt=\"\" class=\"wp-image-3231\" srcset=\"http:\/\/spwrzosowo.pl\/wp-content\/uploads\/2025\/08\/Zdjecie-WhatsApp-2025-08-26-o-12.56.28_40cba3cb.jpg 1000w, http:\/\/spwrzosowo.pl\/wp-content\/uploads\/2025\/08\/Zdjecie-WhatsApp-2025-08-26-o-12.56.28_40cba3cb-300x300.jpg 300w, http:\/\/spwrzosowo.pl\/wp-content\/uploads\/2025\/08\/Zdjecie-WhatsApp-2025-08-26-o-12.56.28_40cba3cb-150x150.jpg 150w, http:\/\/spwrzosowo.pl\/wp-content\/uploads\/2025\/08\/Zdjecie-WhatsApp-2025-08-26-o-12.56.28_40cba3cb-768x768.jpg 768w\" sizes=\"auto, (max-width: 1000px) 100vw, 1000px\" \/><\/figure>\n<\/figure>\n","protected":false},"excerpt":{"rendered":"<p>Drodzy Rodzice! Rozpocz\u0119cie roku szkolnego 2025\/26 \u2013 oddzia\u0142\u00f3w przedszkolnych odb\u0119dzie si\u0119 1 wrze\u015bnia. 9:00 \u2013 Msza \u015bw. (dla ch\u0119tnych dzieci wraz z rodzicami). ok. 10:00 \u2013 uroczysty apel i kr\u00f3tka wizyta w salach.&nbsp; Grupa 3-4 latk\u00f3w nie uczestniczy w apelu. Pszcz\u00f3\u0142ki, zapraszamy na zaj\u0119cia i zabaw\u0119 w waszej sali. Przyjazd dzieci do szko\u0142y odbywa si\u0119 [&hellip;]<\/p>\n","protected":false},"author":1,"featured_media":3231,"comment_status":"open","ping_status":"open","sticky":false,"template":"","format":"standard","meta":{"footnotes":""},"categories":[1],"tags":[],"class_list":["post-3230","post","type-post","status-publish","format-standard","has-post-thumbnail","hentry","category-bez-kategorii"],"_links":{"self":[{"href":"http:\/\/spwrzosowo.pl\/index.php\/wp-json\/wp\/v2\/posts\/3230","targetHints":{"allow":["GET"]}}],"collection":[{"href":"http:\/\/spwrzosowo.pl\/index.php\/wp-json\/wp\/v2\/posts"}],"about":[{"href":"http:\/\/spwrzosowo.pl\/index.php\/wp-json\/wp\/v2\/types\/post"}],"author":[{"embeddable":true,"href":"http:\/\/spwrzosowo.pl\/index.php\/wp-json\/wp\/v2\/users\/1"}],"replies":[{"embeddable":true,"href":"http:\/\/spwrzosowo.pl\/index.php\/wp-json\/wp\/v2\/comments?post=3230"}],"version-history":[{"count":1,"href":"http:\/\/spwrzosowo.pl\/index.php\/wp-json\/wp\/v2\/posts\/3230\/revisions"}],"predecessor-version":[{"id":3232,"href":"http:\/\/spwrzosowo.pl\/index.php\/wp-json\/wp\/v2\/posts\/3230\/revisions\/3232"}],"wp:featuredmedia":[{"embeddable":true,"href":"http:\/\/spwrzosowo.pl\/index.php\/wp-json\/wp\/v2\/media\/3231"}],"wp:attachment":[{"href":"http:\/\/spwrzosowo.pl\/index.php\/wp-json\/wp\/v2\/media?parent=3230"}],"wp:term":[{"taxonomy":"category","embeddable":true,"href":"http:\/\/spwrzosowo.pl\/index.php\/wp-json\/wp\/v2\/categories?post=3230"},{"taxonomy":"post_tag","embeddable":true,"href":"http:\/\/spwrzosowo.pl\/index.php\/wp-json\/wp\/v2\/tags?post=3230"}],"curies":[{"name":"wp","href":"https:\/\/api.w.org\/{rel}","templated":true}]}}